{"id":1005,"date":"2011-08-09T15:54:42","date_gmt":"2011-08-09T13:54:42","guid":{"rendered":"https:\/\/dr-montanari.de\/?p=1005"},"modified":"2024-11-07T14:26:59","modified_gmt":"2024-11-07T13:26:59","slug":"the-v-effect-volume-substitution-restores-a-youthful-appearance-to-the-face-aesthetika-forum-08-2011","status":"publish","type":"post","link":"https:\/\/dr-montanari.de\/en\/presse\/der-v-effekt-volumensubstitution-bringt-gesicht-jugendliches-aussehen-zurueck-aesthetika-forum-08-2011\/","title":{"rendered":"The V effect - volume substitution restores a youthful appearance to the face"},"content":{"rendered":"\t\t<div data-elementor-type=\"wp-post\" data-elementor-id=\"1005\" class=\"elementor elementor-1005\" data-elementor-post-type=\"post\">\n\t\t\t\t\t\t<section class=\"elementor-section elementor-top-section elementor-element elementor-element-0d8e139 elementor-section-boxed elementor-section-height-default elementor-section-height-default\" data-id=\"0d8e139\" data-element_type=\"section\" data-e-type=\"section\">\n\t\t\t\t\t\t<div class=\"elementor-container elementor-column-gap-default\">\n\t\t\t\t\t<div class=\"elementor-column elementor-col-100 elementor-top-column elementor-element elementor-element-e0ec9c1\" data-id=\"e0ec9c1\" data-element_type=\"column\" data-e-type=\"column\">\n\t\t\t<div class=\"elementor-widget-wrap elementor-element-populated\">\n\t\t\t\t\t\t<div class=\"elementor-element elementor-element-e0540a6 elementor-widget elementor-widget-text-editor\" data-id=\"e0540a6\" data-element_type=\"widget\" data-e-type=\"widget\" data-widget_type=\"text-editor.default\">\n\t\t\t\t\t\t\t\t\t<p><span style=\"float: right;\"><a class=\"lightbox\" title=\"Der V-Effekt - Volumensubstitution bringt dem gesciht jugendliches Aussehen zur\u00fcck\" href=\"https:\/\/dr-montanari.de\/uploads\/presse\/gif\/aesthetika-forum-08-2011-volumensubstitution-bringt-gesicht-jugendliches-aussehen-zurueck.gif\" rel=\"lightbox[aesthetika-forum-08-2011]\"><img decoding=\"async\" src=\"https:\/\/dr-montanari.de\/uploads\/presse\/gif\/aesthetika-forum-08-2011-volumensubstitution-bringt-gesicht-jugendliches-aussehen-zurueck_kl.gif\" alt=\"Der V-Effekt - Volumensubstitution bringt dem Gesicht jugendliches Aussehen zur\u00fcck\" border=\"0\" \/><br \/>Artikel vergr\u00f6\u00dfern<\/a><\/span><\/p>\n<h3>\u201eDer V-Effekt &#8211; Volumensubstitution bringt dem Gesicht jugendliches Aussehen zur\u00fcck\u201c<br \/><span class=\"n\">\u00c4sthetikaForum August 2011<\/span><\/h3>\n<p>Im Rahmen des Altersprozesses verliert die Haut nicht nur an Spannkraft und Elastizit\u00e4t, sondern es kommt zu einer Atrophie aller beteiligten Schichten. Daher reicht es nicht, einzelne Falten aufzuf\u00fcllen. Der Filler Radiesse eignet sich ideal zur Korrektur verloren gegangenen Volumens.<\/p>\n<p>\u00bb <a class=\"lightbox\" title=\"Der V-Effekt - Volumensubstitution bringt dem gesciht jugendliches Aussehen zur\u00fcck\" href=\"..\/..\/uploads\/presse\/gif\/aesthetika-forum-08-2011-volumensubstitution-bringt-gesicht-jugendliches-aussehen-zurueck.gif\" rel=\"lightbox[aesthetika-forum-08-2011]\">Artikel lesen<\/a><\/p>\n<p><cite>Quelle: \u00c4sthetikaForum, August 2011<\/cite><\/p>\t\t\t\t\t\t\t\t<\/div>\n\t\t\t\t\t<\/div>\n\t\t<\/div>\n\t\t\t\t\t<\/div>\n\t\t<\/section>\n\t\t\t\t<\/div>\n\t\t","protected":false},"excerpt":{"rendered":"<p>Artikel vergr\u00f6\u00dfern \u201eDer V-Effekt &#8211; Volumensubstitution bringt dem Gesicht jugendliches Aussehen zur\u00fcck\u201c\u00c4sthetikaForum August 2011 Im Rahmen des Altersprozesses verliert die Haut nicht nur an Spannkraft und Elastizit\u00e4t, sondern es kommt zu einer Atrophie aller beteiligten Schichten. Daher reicht es nicht, einzelne Falten aufzuf\u00fcllen. Der Filler Radiesse eignet sich ideal zur Korrektur verloren gegangenen Volumens. \u00bb [&hellip;]<\/p>\n","protected":false},"author":1,"featured_media":0,"comment_status":"closed","ping_status":"closed","sticky":false,"template":"","format":"standard","meta":{"footnotes":""},"categories":[12],"tags":[],"class_list":["post-1005","post","type-post","status-publish","format-standard","hentry","category-presse"],"_links":{"self":[{"href":"https:\/\/dr-montanari.de\/en\/wp-json\/wp\/v2\/posts\/1005","targetHints":{"allow":["GET"]}}],"collection":[{"href":"https:\/\/dr-montanari.de\/en\/wp-json\/wp\/v2\/posts"}],"about":[{"href":"https:\/\/dr-montanari.de\/en\/wp-json\/wp\/v2\/types\/post"}],"author":[{"embeddable":true,"href":"https:\/\/dr-montanari.de\/en\/wp-json\/wp\/v2\/users\/1"}],"replies":[{"embeddable":true,"href":"https:\/\/dr-montanari.de\/en\/wp-json\/wp\/v2\/comments?post=1005"}],"version-history":[{"count":0,"href":"https:\/\/dr-montanari.de\/en\/wp-json\/wp\/v2\/posts\/1005\/revisions"}],"wp:attachment":[{"href":"https:\/\/dr-montanari.de\/en\/wp-json\/wp\/v2\/media?parent=1005"}],"wp:term":[{"taxonomy":"category","embeddable":true,"href":"https:\/\/dr-montanari.de\/en\/wp-json\/wp\/v2\/categories?post=1005"},{"taxonomy":"post_tag","embeddable":true,"href":"https:\/\/dr-montanari.de\/en\/wp-json\/wp\/v2\/tags?post=1005"}],"curies":[{"name":"wp","href":"https:\/\/api.w.org\/{rel}","templated":true}]}}