{"id":993,"date":"2012-02-09T15:44:37","date_gmt":"2012-02-09T14:44:37","guid":{"rendered":"https:\/\/dr-montanari.de\/?p=993"},"modified":"2024-11-05T06:41:30","modified_gmt":"2024-11-05T06:41:30","slug":"combination-treatment-small-alternative-to-facelift-aesthetika-forum-2012-02","status":"publish","type":"post","link":"https:\/\/dr-montanari.de\/en\/presse\/kombinationsbehandlung-kleine-alternative-zum-facelift-aesthetika-forum-2012-02\/","title":{"rendered":"The interesting case: Combination treatment - a small alternative to a facelift"},"content":{"rendered":"\t\t<div data-elementor-type=\"wp-post\" data-elementor-id=\"993\" class=\"elementor elementor-993\" data-elementor-post-type=\"post\">\n\t\t\t\t\t\t<section class=\"elementor-section elementor-top-section elementor-element elementor-element-ad82bce elementor-section-boxed elementor-section-height-default elementor-section-height-default\" data-id=\"ad82bce\" data-element_type=\"section\" data-e-type=\"section\">\n\t\t\t\t\t\t<div class=\"elementor-container elementor-column-gap-default\">\n\t\t\t\t\t<div class=\"elementor-column elementor-col-100 elementor-top-column elementor-element elementor-element-859b0e0\" data-id=\"859b0e0\" data-element_type=\"column\" data-e-type=\"column\">\n\t\t\t<div class=\"elementor-widget-wrap elementor-element-populated\">\n\t\t\t\t\t\t<div class=\"elementor-element elementor-element-f9471ca elementor-widget elementor-widget-text-editor\" data-id=\"f9471ca\" data-element_type=\"widget\" data-e-type=\"widget\" data-widget_type=\"text-editor.default\">\n\t\t\t\t\t\t\t\t\t<p><span style=\"float: right;\"><a class=\"lightbox\" title=\"Artikel 'Kombinationsbehandlung: Kleine Alternative zum Facelift'\" href=\"https:\/\/dr-montanari.de\/uploads\/presse\/gif\/aesthetika-forum-2012-02-cover_g.gif\" rel=\"lightbox[af2012-2]\"><img decoding=\"async\" src=\"https:\/\/dr-montanari.de\/uploads\/presse\/gif\/aesthetika-forum-2012-02-cover.gif\" alt=\"Artikel 'Kombinationsbehandlung: Kleine Alternative zum Facelift'\" border=\"0\" \/><br \/>Cover vergr\u00f6\u00dfern<\/a><br \/><br \/><a class=\"lightbox\" title=\"Artikel 'Kombinationsbehandlung: Kleine Alternative zum Facelift'\" href=\"https:\/\/dr-montanari.de\/uploads\/presse\/gif\/aesthetika-forum-2012-02-kombinationsbehandlung-als-kleine-facelift-alternative_g.gif\" rel=\"lightbox[af2012-2]\"><img decoding=\"async\" src=\"https:\/\/dr-montanari.de\/uploads\/presse\/gif\/aesthetika-forum-2012-02-kombinationsbehandlung-als-kleine-facelift-alternative.gif\" alt=\"Artikel 'Kombinationsbehandlung: Kleine Alternative zum Facelift'\" border=\"0\" \/><br \/>Artikel vergr\u00f6\u00dfern<\/a><\/span><\/p>\n<h3>\u201eDer interessante Fall: Kombinationsbehandlung \u2013 Kleine Alternative zum Facelift\u201c<br \/><span class=\"n\">\u201eDer interessante Fall\u201c: Kombinationsbehandlung<br \/>in \u00c4sthetikaForum, Februar 2012<\/span><\/h3>\n<p>Durch die Kombination verschiedener Verfahren und Substanzen wie einem Volumenfiller, nativer Hyalurons\u00e4ure, vernetzter Hyalurons\u00e4ure und Botulinumtoxin-A lassen sich Behandlungseffekte erzielen, die der Wirkung eines Facelifts nahe kommen, wie die folgende Kasuistik zeigt.<\/p>\n<p>Die 72j\u00e4hrige Frau w\u00fcnschte eine Gesichtsverj\u00fcngung, wobei sie sich aber keinem Facelift unterziehen wollte. Abb. 1 zeigt den Befund vor der Behandlung: Die Falten an der Stirn und die Kinnquerfalte sind deutlich ausgebildet. Zus\u00e4tzlich zeigen sich stark ausgepr\u00e4gte Nasolabialfalten sowie Mentolabialfalten und radi\u00e4re Lippenf\u00e4ltchen bei Verschm\u00e4lerung der Oberlippe. Der Volumenverlust als Folge des altersbedingten Abbaus der Fettk\u00f6rper ist im Bereich der Wangen und in der Jochbeinregion besonders ausgepr\u00e4gt. Ebenso ist die Kieferkontur beidseits nicht mehr klar definiert.<\/p>\n<p>Aufgrund der aus gepr\u00e4gten Befunde wurde der Patientin eine Kombinationstherapie bestehend aus einem Volumenfiller, einem Hyalurons\u00e4urefiller, nativer Hyalurons\u00e4ure und Botulinumtoxin-A empfohlen. Die Behandlung wurde in drei Sitzungen durchgef\u00fchrt, zus\u00e4tzlich wurde ein weiterer Kontrolltermin vereinbart. Im ersten Behandlungsschritt wurden die Glabellaregion und die Stirn mit Botulinumtoxin-A (verwendet wurde das Pr\u00e4parat Bocouture\u00ae) behandelt (s. gro\u00dfes V auf Abbildung 2, pro Punkt wurden 5 IU verabreicht). Zus\u00e4tzlich wurden im Brauenbereich lateral beidseitig 1IU injiziert. In derselben Sitzung wurden je 3 IU in die Kinnspitze injiziert. An der Oberlippe wurden auf der H\u00f6he der Lippenrot-\/ Lippenwei\u00dfgrenze beidseits zwei Injektionspunkte mit je \u00bd IU pro Punkt zur Korrektur des mimischen Anteils der radi\u00e4ren Lippenf\u00e4ltchen injiziert. Dar\u00fcber hinaus wurde in der ersten Sitzung die Behandlung mit nativer Hyalurons\u00e4ure (Hyal-System\u00ae) durchgef\u00fchrt. Die Wangenregion wurde fl\u00e4chig mit Quaddeln behandelt (Abb mit gr\u00f6sseren Markierungskreisen). Nach einer Woche wurde die Patientin zum zweiten Mal einbestellt. Sie erhielt eine Wiederholung der Fl\u00e4chenbehandlung mit Hyal-ACP\u00ae. Beim dritten Besuch eine Woche sp\u00e4ter wurde eine Volumenaugmentation mit Calcium hydroxylapatit (Radiesse\u00ae) durchgef\u00fchrt. Hierzu wurden beidseitig 0,4 ml in die Jochbeinregion appliziert, 0,7 ml in die Nasolabialfalten, 0,3 ml in die Marionettenfalten und mit weiteren 0,3 ml wurde die Unterkieferkontur wieder hergestellt. Schlie\u00dflich wurde in die Kinnquerfalte 0,3 ml injiziert.<\/p>\n<p>Zus\u00e4tzlich wurden in dieser Sitzung die radi\u00e4ren Oberlippenf\u00e4ltchen insgesamt mit 1,0 ml eines Hyalurons\u00e4urefillers (Belotero\u00ae Basic) augmentiert. Die Patientin wird nach vier Wochen zur Kontrolle des Behandlungseffekts sowie nach vier Monaten zu einer ersten Auffrischungsbehandlung mit nativer Hyalurons\u00e4ure wieder einbestellt. Abb. 2 zeigt die behandelten Regionen, Abb. 3 die Patientin nach der Therapie. Ein derart deutlicher Effekt w\u00e4re sonst bei dieser Patientin nur durch ein Facelift erreichbar gewesen.<\/p>\n<p>\u00bb <a title=\"Artikel 'Kombinationsbehandlung: Kleine Alternative zum Facelift'\" href=\"https:\/\/dr-montanari.de\/uploads\/presse\/pdf\/aesthetika-forum-2012-02-kombinationsbehandlung-als-kleine-facelift-alternative.pdf\" target=\"_blank\" rel=\"noopener\">Artikel lesen<\/a><\/p>\n<p><cite>Quelle: \u00c4sthetikaForum, Februar 2012<\/cite><\/p>\t\t\t\t\t\t\t\t<\/div>\n\t\t\t\t\t<\/div>\n\t\t<\/div>\n\t\t\t\t\t<\/div>\n\t\t<\/section>\n\t\t\t\t<\/div>\n\t\t","protected":false},"excerpt":{"rendered":"<p>Cover vergr\u00f6\u00dfern Artikel vergr\u00f6\u00dfern \u201eDer interessante Fall: Kombinationsbehandlung \u2013 Kleine Alternative zum Facelift\u201c\u201eDer interessante Fall\u201c: Kombinationsbehandlungin \u00c4sthetikaForum, Februar 2012 Durch die Kombination verschiedener Verfahren und Substanzen wie einem Volumenfiller, nativer Hyalurons\u00e4ure, vernetzter Hyalurons\u00e4ure und Botulinumtoxin-A lassen sich Behandlungseffekte erzielen, die der Wirkung eines Facelifts nahe kommen, wie die folgende Kasuistik zeigt. Die 72j\u00e4hrige Frau w\u00fcnschte [&hellip;]<\/p>\n","protected":false},"author":1,"featured_media":0,"comment_status":"closed","ping_status":"closed","sticky":false,"template":"","format":"standard","meta":{"footnotes":""},"categories":[12],"tags":[],"class_list":["post-993","post","type-post","status-publish","format-standard","hentry","category-presse"],"_links":{"self":[{"href":"https:\/\/dr-montanari.de\/en\/wp-json\/wp\/v2\/posts\/993","targetHints":{"allow":["GET"]}}],"collection":[{"href":"https:\/\/dr-montanari.de\/en\/wp-json\/wp\/v2\/posts"}],"about":[{"href":"https:\/\/dr-montanari.de\/en\/wp-json\/wp\/v2\/types\/post"}],"author":[{"embeddable":true,"href":"https:\/\/dr-montanari.de\/en\/wp-json\/wp\/v2\/users\/1"}],"replies":[{"embeddable":true,"href":"https:\/\/dr-montanari.de\/en\/wp-json\/wp\/v2\/comments?post=993"}],"version-history":[{"count":0,"href":"https:\/\/dr-montanari.de\/en\/wp-json\/wp\/v2\/posts\/993\/revisions"}],"wp:attachment":[{"href":"https:\/\/dr-montanari.de\/en\/wp-json\/wp\/v2\/media?parent=993"}],"wp:term":[{"taxonomy":"category","embeddable":true,"href":"https:\/\/dr-montanari.de\/en\/wp-json\/wp\/v2\/categories?post=993"},{"taxonomy":"post_tag","embeddable":true,"href":"https:\/\/dr-montanari.de\/en\/wp-json\/wp\/v2\/tags?post=993"}],"curies":[{"name":"wp","href":"https:\/\/api.w.org\/{rel}","templated":true}]}}